{"id":1168,"date":"2025-03-12T15:32:55","date_gmt":"2025-03-12T14:32:55","guid":{"rendered":"http:\/\/sac-suhl.de\/?p=1168"},"modified":"2025-03-12T15:32:55","modified_gmt":"2025-03-12T14:32:55","slug":"saisonauftakt-bei-den-sportakrobaten","status":"publish","type":"post","link":"http:\/\/sac-suhl.de\/?p=1168","title":{"rendered":"Saisonauftakt bei den Sportakrobaten"},"content":{"rendered":"<div id='gallery-1' class='gallery galleryid-1168 gallery-columns-3 gallery-size-thumbnail'><figure class='gallery-item'>\n\t\t\t<div class='gallery-icon portrait'>\n\t\t\t\t<a href='http:\/\/sac-suhl.de\/?attachment_id=1171'><img loading=\"lazy\" decoding=\"async\" width=\"150\" height=\"150\" src=\"http:\/\/sac-suhl.de\/wp-content\/uploads\/2025\/03\/IMG_2741-150x150.jpeg\" class=\"attachment-thumbnail size-thumbnail\" alt=\"\" \/><\/a>\n\t\t\t<\/div><\/figure><figure class='gallery-item'>\n\t\t\t<div class='gallery-icon portrait'>\n\t\t\t\t<a href='http:\/\/sac-suhl.de\/?attachment_id=1169'><img loading=\"lazy\" decoding=\"async\" width=\"150\" height=\"150\" src=\"http:\/\/sac-suhl.de\/wp-content\/uploads\/2025\/03\/4a08d66b-6a93-4501-abb2-d34a2026dbdc-150x150.jpg\" class=\"attachment-thumbnail size-thumbnail\" alt=\"\" \/><\/a>\n\t\t\t<\/div><\/figure>\n\t\t<\/div>\n\n<h3><strong>Fr\u00fchlingsturnier der Leistungsklasse<\/strong><\/h3>\n<p>Am Samstag, den 15.02.2025 starteten die Suhler Sportakrobaten mit beeindruckenden Leistungen in die neue Wettkampfsaison. Beim traditionellen Fr\u00fchlingsturnier der Leistungsklasse in Erfurt zeigten die Athletinnen ihn K\u00f6nnen und sicherten sich gleich mehrere Podestpl\u00e4tze.<\/p>\n<p>Besonders erfolgreich war das Jugend Damenpaar mit Lia Strobl &amp; Lys\u00e9 Ledermann, das mit einer fehlerfreien \u00dcbung die Jury \u00fcberzeugte und sich den 1. Platz sicherte. Auch das Junioren 1 Trio Leni Peterh\u00e4nsel, Hannah Fleischmann &amp; Stella Leibling pr\u00e4sentierte eine starke Performance und wurde ebenfalls mit dem 1. Platz belohnt.<\/p>\n<p>Trainer und Fans zeigten sich begeistert von den Leistungen und blicken optimistisch auf die kommende Wettkampfsaison.<\/p>\n<p><a href=\"http:\/\/sac-suhl.de\/wp-content\/uploads\/2025\/03\/686feb4b-977e-4e28-b68e-8cc84ff54e72.jpg\" rel=\"lightbox[1168]\"><img loading=\"lazy\" decoding=\"async\" class=\"alignnone size-large wp-image-1170\" src=\"http:\/\/sac-suhl.de\/wp-content\/uploads\/2025\/03\/686feb4b-977e-4e28-b68e-8cc84ff54e72-763x1024.jpg\" alt=\"\" width=\"604\" height=\"811\" srcset=\"http:\/\/sac-suhl.de\/wp-content\/uploads\/2025\/03\/686feb4b-977e-4e28-b68e-8cc84ff54e72-763x1024.jpg 763w, http:\/\/sac-suhl.de\/wp-content\/uploads\/2025\/03\/686feb4b-977e-4e28-b68e-8cc84ff54e72-223x300.jpg 223w, http:\/\/sac-suhl.de\/wp-content\/uploads\/2025\/03\/686feb4b-977e-4e28-b68e-8cc84ff54e72-768x1031.jpg 768w, http:\/\/sac-suhl.de\/wp-content\/uploads\/2025\/03\/686feb4b-977e-4e28-b68e-8cc84ff54e72.jpg 954w\" sizes=\"auto, (max-width: 604px) 100vw, 604px\" \/><\/a><\/p>\n<p>&nbsp;<\/p>\n","protected":false},"excerpt":{"rendered":"<p>Fr\u00fchlingsturnier der Leistungsklasse Am Samstag, den 15.02.2025 starteten die Suhler Sportakrobaten mit beeindruckenden Leistungen in die neue Wettkampfsaison. Beim traditionellen Fr\u00fchlingsturnier der Leistungsklasse in Erfurt zeigten die Athletinnen ihn K\u00f6nnen und sicherten sich gleich mehrere Podestpl\u00e4tze. Besonders erfolgreich war das Jugend Damenpaar mit Lia Strobl &amp; Lys\u00e9 Ledermann, das mit einer fehlerfreien \u00dcbung die Jury &hellip; <a href=\"http:\/\/sac-suhl.de\/?p=1168\" class=\"more-link\"><span class=\"screen-reader-text\">Saisonauftakt bei den Sportakrobaten<\/span> weiterlesen <span class=\"meta-nav\">&rarr;<\/span><\/a><\/p>\n","protected":false},"author":1,"featured_media":0,"comment_status":"closed","ping_status":"closed","sticky":false,"template":"","format":"standard","meta":{"footnotes":""},"categories":[1],"tags":[],"class_list":["post-1168","post","type-post","status-publish","format-standard","hentry","category-allgemein"],"_links":{"self":[{"href":"http:\/\/sac-suhl.de\/index.php?rest_route=\/wp\/v2\/posts\/1168","targetHints":{"allow":["GET"]}}],"collection":[{"href":"http:\/\/sac-suhl.de\/index.php?rest_route=\/wp\/v2\/posts"}],"about":[{"href":"http:\/\/sac-suhl.de\/index.php?rest_route=\/wp\/v2\/types\/post"}],"author":[{"embeddable":true,"href":"http:\/\/sac-suhl.de\/index.php?rest_route=\/wp\/v2\/users\/1"}],"replies":[{"embeddable":true,"href":"http:\/\/sac-suhl.de\/index.php?rest_route=%2Fwp%2Fv2%2Fcomments&post=1168"}],"version-history":[{"count":3,"href":"http:\/\/sac-suhl.de\/index.php?rest_route=\/wp\/v2\/posts\/1168\/revisions"}],"predecessor-version":[{"id":1174,"href":"http:\/\/sac-suhl.de\/index.php?rest_route=\/wp\/v2\/posts\/1168\/revisions\/1174"}],"wp:attachment":[{"href":"http:\/\/sac-suhl.de\/index.php?rest_route=%2Fwp%2Fv2%2Fmedia&parent=1168"}],"wp:term":[{"taxonomy":"category","embeddable":true,"href":"http:\/\/sac-suhl.de\/index.php?rest_route=%2Fwp%2Fv2%2Fcategories&post=1168"},{"taxonomy":"post_tag","embeddable":true,"href":"http:\/\/sac-suhl.de\/index.php?rest_route=%2Fwp%2Fv2%2Ftags&post=1168"}],"curies":[{"name":"wp","href":"https:\/\/api.w.org\/{rel}","templated":true}]}}