{"id":1151,"date":"2024-09-12T15:56:25","date_gmt":"2024-09-12T13:56:25","guid":{"rendered":"http:\/\/sac-suhl.de\/?p=1151"},"modified":"2024-09-12T15:56:25","modified_gmt":"2024-09-12T13:56:25","slug":"thueringenpokal-2024","status":"publish","type":"post","link":"http:\/\/sac-suhl.de\/?p=1151","title":{"rendered":"Th\u00fcringenpokal 2024"},"content":{"rendered":"<p>Strahlende Gesichter, begeisterte Zuschauer und gro\u00dfe Emotionen: Der Th\u00fcringenpokal 2024, ausgerichtet vom Sportakrobatik Club Suhl, wurde zu einem unvergesslichen Wettkampftag! Dank der tatkr\u00e4ftigen Unterst\u00fctzung vieler engagierter Helfer und der Teilnahme von 7 Vereinen mit insgesamt 84 Formationen verwandelte sich Suhl in ein Zentrum der Sportakrobatik.<\/p>\n<p>Der SAC Suhl kann dabei auf einen grandiosen Wettkampftag zur\u00fcckblicken und ist besonders stolz auf seine Akrobatinnen. Insgesamt <strong>vier Pokale<\/strong> konnten die Suhler Sportlerinnen vor heimischem Publikum erk\u00e4mpfen:<\/p>\n<ul>\n<li><strong>Gold<\/strong> und die <strong>Tagesh\u00f6chstwertung<\/strong> mit beeindruckenden <strong>25,25 Punkten<\/strong> gingen an das <strong>Damenpaar Lia Strobl &amp; Lys\u00e9 Ledermann<\/strong>\u00a0in der Sch\u00fclerklasse.<\/li>\n<li>Die <strong>Jugend-Dreiergruppe Hannah Fleischmann, Leni Peterh\u00e4nsel &amp; Stella Leibling<\/strong> erturnte sich in einem starken Feld einen gro\u00dfartigen <strong>zweiten Platz<\/strong>.<\/li>\n<li>Die <strong>Nachwuchs-Dreiergruppe Charlotte Wei\u00df, Nele Hill und Marla Bader<\/strong> in Level 1 erreichte mit einer gro\u00dfartigen Leistung den <strong>dritten Platz<\/strong>.<\/li>\n<li>Auch die <strong>Dreiergruppe Hanna Etzold, Nina Kling und Lisa-Marie Hofmann<\/strong> in Level 2 konnte sich einen hart erk\u00e4mpften <strong>dritten Platz<\/strong> sichern.<\/li>\n<\/ul>\n<p>Ein emotionales Highlight des Tages war die doppelte Qualifikation f\u00fcr den\u00a0Deutschen Mannschaftstag: Neben dem triumphierenden Damenpaar Lia &amp; Lys\u00e9 schaffte auch die Jugend-Dreiergruppe Hannah, Leni &amp; Stella die Qualifikation und wird somit den SAC Suhl am 19. Oktober 2024 in Augsburg gleich mit <strong>zwei Formationen<\/strong> f\u00fcr Th\u00fcringen vertreten.<\/p>\n<p>Auch die weiteren Starterinnen konnten mit starken Auftritten \u00fcberzeugen: Ruby K\u00e4stner &amp; Loni Recknagel, Emma Scheller &amp; Kim Lotz sowie Johanna Gramann &amp; Clara Keseg haben dem Publikum mit viel Einsatz und Leidenschaft ihr K\u00f6nnen pr\u00e4sentiert. Auch wenn es f\u00fcr sie nicht f\u00fcr das Treppchen gereicht hat, sind die Trainerinnen stolz auf ihre Leistungen und den Kampfgeist, den sie auf der Matte gezeigt haben. Diese jungen Talente sind ein wichtiger Teil des Vereins und haben gro\u00dfes Potenzial f\u00fcr die Zukunft.<\/p>\n<p>\u201eWir sind unglaublich stolz und \u00fcberw\u00e4ltigt von den Leistungen unserer Sportlerinnen und Sportler! Solch ein Erfolg zu Hause ist etwas ganz Besonderes und zeigt, wie viel Herzblut, Flei\u00df und Teamgeist in unserem Verein stecken\u201c, betont Denise Werner, der Vereinsvorstand\u00a0des SAC Suhl.<\/p>\n<p>Ein herzlicher Dank gilt allen Helfern, Unterst\u00fctzern und den vielen Fans, die diesen Tag zu einem ganz besonderen Erlebnis gemacht haben. Mit Blick auf die kommenden Deutschen Mannschaftsmeisterschaften in Augsburg fiebert der SAC Suhl den n\u00e4chsten Herausforderungen entgegen und ist bereit, erneut Gro\u00dfes zu leisten.<\/p>\n<p>&nbsp;<\/p>\n<p><a href=\"http:\/\/sac-suhl.de\/wp-content\/uploads\/2024\/09\/DSCF1299-scaled.jpg\" rel=\"lightbox[1151]\"><img loading=\"lazy\" decoding=\"async\" class=\"alignnone size-large wp-image-1152\" src=\"http:\/\/sac-suhl.de\/wp-content\/uploads\/2024\/09\/DSCF1299-1024x576.jpg\" alt=\"\" width=\"604\" height=\"340\" srcset=\"http:\/\/sac-suhl.de\/wp-content\/uploads\/2024\/09\/DSCF1299-1024x576.jpg 1024w, http:\/\/sac-suhl.de\/wp-content\/uploads\/2024\/09\/DSCF1299-300x169.jpg 300w, http:\/\/sac-suhl.de\/wp-content\/uploads\/2024\/09\/DSCF1299-768x432.jpg 768w, http:\/\/sac-suhl.de\/wp-content\/uploads\/2024\/09\/DSCF1299-1536x864.jpg 1536w, http:\/\/sac-suhl.de\/wp-content\/uploads\/2024\/09\/DSCF1299-2048x1153.jpg 2048w\" sizes=\"auto, (max-width: 604px) 100vw, 604px\" \/><\/a><\/p>\n","protected":false},"excerpt":{"rendered":"<p>Strahlende Gesichter, begeisterte Zuschauer und gro\u00dfe Emotionen: Der Th\u00fcringenpokal 2024, ausgerichtet vom Sportakrobatik Club Suhl, wurde zu einem unvergesslichen Wettkampftag! Dank der tatkr\u00e4ftigen Unterst\u00fctzung vieler engagierter Helfer und der Teilnahme von 7 Vereinen mit insgesamt 84 Formationen verwandelte sich Suhl in ein Zentrum der Sportakrobatik. Der SAC Suhl kann dabei auf einen grandiosen Wettkampftag zur\u00fcckblicken &hellip; <a href=\"http:\/\/sac-suhl.de\/?p=1151\" class=\"more-link\"><span class=\"screen-reader-text\">Th\u00fcringenpokal 2024<\/span> weiterlesen <span class=\"meta-nav\">&rarr;<\/span><\/a><\/p>\n","protected":false},"author":1,"featured_media":0,"comment_status":"closed","ping_status":"closed","sticky":false,"template":"","format":"standard","meta":{"footnotes":""},"categories":[1],"tags":[],"class_list":["post-1151","post","type-post","status-publish","format-standard","hentry","category-allgemein"],"_links":{"self":[{"href":"http:\/\/sac-suhl.de\/index.php?rest_route=\/wp\/v2\/posts\/1151","targetHints":{"allow":["GET"]}}],"collection":[{"href":"http:\/\/sac-suhl.de\/index.php?rest_route=\/wp\/v2\/posts"}],"about":[{"href":"http:\/\/sac-suhl.de\/index.php?rest_route=\/wp\/v2\/types\/post"}],"author":[{"embeddable":true,"href":"http:\/\/sac-suhl.de\/index.php?rest_route=\/wp\/v2\/users\/1"}],"replies":[{"embeddable":true,"href":"http:\/\/sac-suhl.de\/index.php?rest_route=%2Fwp%2Fv2%2Fcomments&post=1151"}],"version-history":[{"count":1,"href":"http:\/\/sac-suhl.de\/index.php?rest_route=\/wp\/v2\/posts\/1151\/revisions"}],"predecessor-version":[{"id":1153,"href":"http:\/\/sac-suhl.de\/index.php?rest_route=\/wp\/v2\/posts\/1151\/revisions\/1153"}],"wp:attachment":[{"href":"http:\/\/sac-suhl.de\/index.php?rest_route=%2Fwp%2Fv2%2Fmedia&parent=1151"}],"wp:term":[{"taxonomy":"category","embeddable":true,"href":"http:\/\/sac-suhl.de\/index.php?rest_route=%2Fwp%2Fv2%2Fcategories&post=1151"},{"taxonomy":"post_tag","embeddable":true,"href":"http:\/\/sac-suhl.de\/index.php?rest_route=%2Fwp%2Fv2%2Ftags&post=1151"}],"curies":[{"name":"wp","href":"https:\/\/api.w.org\/{rel}","templated":true}]}}