{"id":1111,"date":"2024-06-03T18:15:55","date_gmt":"2024-06-03T16:15:55","guid":{"rendered":"http:\/\/sac-suhl.de\/?p=1111"},"modified":"2024-06-03T18:15:55","modified_gmt":"2024-06-03T16:15:55","slug":"3-internationaler-augsburger-acro-cup","status":"publish","type":"post","link":"http:\/\/sac-suhl.de\/?p=1111","title":{"rendered":"3. Internationaler Augsburger Acro Cup"},"content":{"rendered":"<p>Am Pfingstwochenende machten sich 3 unserer Formationen auf den Weg nach Augsburg zu einem internationalen Wettkampf. Am Samstag starteten unsere Damengruppe Marla, Nele und Charlotte in KFL 1 und unser Damenpaar Chiara und Alina in KFL3. Beide Formationen waren sichtlich nerv\u00f6s bei ihrem ersten Wettkampf au\u00dferhalb der Heimat. Auch wenn nicht alles nach &#8222;Plan&#8220; lief, konnten sie sich doch beide Starter \u00fcber einen 3. Platz auf dem Podest freuen und wurden mit einer Medaille belohnt. Am Sonntag startete dann unser Damenpaar Lys\u00e9 und Lia. Als erstes zeigten sie ihr Balance\u00fcbung. Mit einer sichtlichen Steigerung zum letzten Wettkampf landeten sie in der h\u00f6heren Altersklasse Age Group 11-16 Jahre auf einem verdienten 6. Platz. Danach pr\u00e4sentierten sie ihre Dynamik\u00fcbung, in die sich diesmal kleine Unsicherheiten einschlichen. Sie verfehlten knapp das Podest und landeten auf einem super 4. Platz. Das hie\u00df ein unerwarteter Einzug ins Finale am n\u00e4chsten Tag,\u00a0 welches sie mit einem guten 5. Platz bestritten.<\/p>\n<p>Ihr habt das super gemacht! Wir Trainer sind stolz auf euch!<\/p>\n<div id='gallery-1' class='gallery galleryid-1111 gallery-columns-3 gallery-size-thumbnail'><figure class='gallery-item'>\n\t\t\t<div class='gallery-icon portrait'>\n\t\t\t\t<a href='http:\/\/sac-suhl.de\/?attachment_id=1118'><img loading=\"lazy\" decoding=\"async\" width=\"150\" height=\"150\" src=\"http:\/\/sac-suhl.de\/wp-content\/uploads\/2024\/06\/IMG_7228-150x150.jpg\" class=\"attachment-thumbnail size-thumbnail\" alt=\"\" \/><\/a>\n\t\t\t<\/div><\/figure><figure class='gallery-item'>\n\t\t\t<div class='gallery-icon portrait'>\n\t\t\t\t<a href='http:\/\/sac-suhl.de\/?attachment_id=1112'><img loading=\"lazy\" decoding=\"async\" width=\"150\" height=\"150\" src=\"http:\/\/sac-suhl.de\/wp-content\/uploads\/2024\/06\/0ab6052c-8a8a-487d-bd5c-164dd4a88f25-150x150.jpg\" class=\"attachment-thumbnail size-thumbnail\" alt=\"\" \/><\/a>\n\t\t\t<\/div><\/figure><figure class='gallery-item'>\n\t\t\t<div class='gallery-icon portrait'>\n\t\t\t\t<a href='http:\/\/sac-suhl.de\/?attachment_id=1113'><img loading=\"lazy\" decoding=\"async\" width=\"150\" height=\"150\" src=\"http:\/\/sac-suhl.de\/wp-content\/uploads\/2024\/06\/4cffdda8-6344-4113-8f4d-817efe6cf39c-150x150.jpg\" class=\"attachment-thumbnail size-thumbnail\" alt=\"\" \/><\/a>\n\t\t\t<\/div><\/figure><figure class='gallery-item'>\n\t\t\t<div class='gallery-icon landscape'>\n\t\t\t\t<a href='http:\/\/sac-suhl.de\/?attachment_id=1115'><img loading=\"lazy\" decoding=\"async\" width=\"150\" height=\"150\" src=\"http:\/\/sac-suhl.de\/wp-content\/uploads\/2024\/06\/IMG_7254-150x150.jpg\" class=\"attachment-thumbnail size-thumbnail\" alt=\"\" \/><\/a>\n\t\t\t<\/div><\/figure><figure class='gallery-item'>\n\t\t\t<div class='gallery-icon landscape'>\n\t\t\t\t<a href='http:\/\/sac-suhl.de\/?attachment_id=1116'><img loading=\"lazy\" decoding=\"async\" width=\"150\" height=\"150\" src=\"http:\/\/sac-suhl.de\/wp-content\/uploads\/2024\/06\/IMG_7255-150x150.jpg\" class=\"attachment-thumbnail size-thumbnail\" alt=\"\" \/><\/a>\n\t\t\t<\/div><\/figure><figure class='gallery-item'>\n\t\t\t<div class='gallery-icon portrait'>\n\t\t\t\t<a href='http:\/\/sac-suhl.de\/?attachment_id=1119'><img loading=\"lazy\" decoding=\"async\" width=\"150\" height=\"150\" src=\"http:\/\/sac-suhl.de\/wp-content\/uploads\/2024\/06\/IMG_7262-150x150.jpg\" class=\"attachment-thumbnail size-thumbnail\" alt=\"\" \/><\/a>\n\t\t\t<\/div><\/figure>\n\t\t<\/div>\n\n","protected":false},"excerpt":{"rendered":"<p>Am Pfingstwochenende machten sich 3 unserer Formationen auf den Weg nach Augsburg zu einem internationalen Wettkampf. Am Samstag starteten unsere Damengruppe Marla, Nele und Charlotte in KFL 1 und unser Damenpaar Chiara und Alina in KFL3. Beide Formationen waren sichtlich nerv\u00f6s bei ihrem ersten Wettkampf au\u00dferhalb der Heimat. Auch wenn nicht alles nach &#8222;Plan&#8220; lief, &hellip; <a href=\"http:\/\/sac-suhl.de\/?p=1111\" class=\"more-link\"><span class=\"screen-reader-text\">3. Internationaler Augsburger Acro Cup<\/span> weiterlesen <span class=\"meta-nav\">&rarr;<\/span><\/a><\/p>\n","protected":false},"author":1,"featured_media":0,"comment_status":"closed","ping_status":"closed","sticky":false,"template":"","format":"standard","meta":{"footnotes":""},"categories":[1],"tags":[],"class_list":["post-1111","post","type-post","status-publish","format-standard","hentry","category-allgemein"],"_links":{"self":[{"href":"http:\/\/sac-suhl.de\/index.php?rest_route=\/wp\/v2\/posts\/1111","targetHints":{"allow":["GET"]}}],"collection":[{"href":"http:\/\/sac-suhl.de\/index.php?rest_route=\/wp\/v2\/posts"}],"about":[{"href":"http:\/\/sac-suhl.de\/index.php?rest_route=\/wp\/v2\/types\/post"}],"author":[{"embeddable":true,"href":"http:\/\/sac-suhl.de\/index.php?rest_route=\/wp\/v2\/users\/1"}],"replies":[{"embeddable":true,"href":"http:\/\/sac-suhl.de\/index.php?rest_route=%2Fwp%2Fv2%2Fcomments&post=1111"}],"version-history":[{"count":1,"href":"http:\/\/sac-suhl.de\/index.php?rest_route=\/wp\/v2\/posts\/1111\/revisions"}],"predecessor-version":[{"id":1120,"href":"http:\/\/sac-suhl.de\/index.php?rest_route=\/wp\/v2\/posts\/1111\/revisions\/1120"}],"wp:attachment":[{"href":"http:\/\/sac-suhl.de\/index.php?rest_route=%2Fwp%2Fv2%2Fmedia&parent=1111"}],"wp:term":[{"taxonomy":"category","embeddable":true,"href":"http:\/\/sac-suhl.de\/index.php?rest_route=%2Fwp%2Fv2%2Fcategories&post=1111"},{"taxonomy":"post_tag","embeddable":true,"href":"http:\/\/sac-suhl.de\/index.php?rest_route=%2Fwp%2Fv2%2Ftags&post=1111"}],"curies":[{"name":"wp","href":"https:\/\/api.w.org\/{rel}","templated":true}]}}