{"id":1092,"date":"2024-04-22T16:28:56","date_gmt":"2024-04-22T14:28:56","guid":{"rendered":"http:\/\/sac-suhl.de\/?p=1092"},"modified":"2024-04-22T16:28:56","modified_gmt":"2024-04-22T14:28:56","slug":"blumenstadtcup-2024","status":"publish","type":"post","link":"http:\/\/sac-suhl.de\/?p=1092","title":{"rendered":"Blumenstadtcup 2024"},"content":{"rendered":"<p>Am Samstag, den 20.04.2024 starteten 4 unserer Formationen beim diesj\u00e4hrigen Blumenstadtcup in Erfurt. Den Anfang machten unsere &#8222;J\u00fcngsten&#8220; Marla, Nele und Charlotte. Sie zeigten eine saubere \u00dcbung und konnten sich den zweiten Platz in ihrer Altersklasse KFL 1 sichern. Unsere neu zusammengestellte Dreiergruppe mit Lisa-Marie, Hanna und Nina \u00fcberzeugten das Kampgericht und erzielten ebenfalls in der Altersklasse KFL 2 den zweiten Platz. Als 3. Starter unseres Vereins zeigten Alina und Chiara ihr K\u00f6nnen. Trotz kleiner Unsicherheiten bei einigen Elementen erreichten sie einen guten 2. Platz. Unser Damenpaar Lia und Lys\u00e9 in der Leistungsklasse Sch\u00fcler nutzten den Wettkampf als Vorbereitung auf die anstehende Deutsche Meisterschaft Anfang Mai. Leider gelang in der Balance \u00dcbung ein neu erlerntes und anspruchsvolles Element nicht und sie landeten mit viel Abzug auf einem guten 3. Platz. Mit ihrer Tempo \u00dcbung \u00fcberzeugten sie noch einmal das Kampfgericht.<\/p>\n<p>Wir w\u00fcnschen euch viel Erfolg bei der anstehenden Deutschen Meisterschaft und allen Sportlern weitere gute Platzierungen bei den n\u00e4chsten Wettk\u00e4mpfen.<\/p>\n<p><a href=\"http:\/\/sac-suhl.de\/wp-content\/uploads\/2024\/04\/IMG_6531-scaled.jpg\" rel=\"lightbox[1092]\"><img loading=\"lazy\" decoding=\"async\" class=\"alignnone size-large wp-image-1098\" src=\"http:\/\/sac-suhl.de\/wp-content\/uploads\/2024\/04\/IMG_6531-815x1024.jpg\" alt=\"\" width=\"604\" height=\"759\" srcset=\"http:\/\/sac-suhl.de\/wp-content\/uploads\/2024\/04\/IMG_6531-815x1024.jpg 815w, http:\/\/sac-suhl.de\/wp-content\/uploads\/2024\/04\/IMG_6531-239x300.jpg 239w, http:\/\/sac-suhl.de\/wp-content\/uploads\/2024\/04\/IMG_6531-768x964.jpg 768w, http:\/\/sac-suhl.de\/wp-content\/uploads\/2024\/04\/IMG_6531-1223x1536.jpg 1223w, http:\/\/sac-suhl.de\/wp-content\/uploads\/2024\/04\/IMG_6531-1631x2048.jpg 1631w, http:\/\/sac-suhl.de\/wp-content\/uploads\/2024\/04\/IMG_6531-scaled.jpg 2039w\" sizes=\"auto, (max-width: 604px) 100vw, 604px\" \/><\/a><\/p>\n","protected":false},"excerpt":{"rendered":"<p>Am Samstag, den 20.04.2024 starteten 4 unserer Formationen beim diesj\u00e4hrigen Blumenstadtcup in Erfurt. Den Anfang machten unsere &#8222;J\u00fcngsten&#8220; Marla, Nele und Charlotte. Sie zeigten eine saubere \u00dcbung und konnten sich den zweiten Platz in ihrer Altersklasse KFL 1 sichern. Unsere neu zusammengestellte Dreiergruppe mit Lisa-Marie, Hanna und Nina \u00fcberzeugten das Kampgericht und erzielten ebenfalls in &hellip; <a href=\"http:\/\/sac-suhl.de\/?p=1092\" class=\"more-link\"><span class=\"screen-reader-text\">Blumenstadtcup 2024<\/span> weiterlesen <span class=\"meta-nav\">&rarr;<\/span><\/a><\/p>\n","protected":false},"author":1,"featured_media":0,"comment_status":"closed","ping_status":"closed","sticky":false,"template":"","format":"standard","meta":{"footnotes":""},"categories":[1],"tags":[],"class_list":["post-1092","post","type-post","status-publish","format-standard","hentry","category-allgemein"],"_links":{"self":[{"href":"http:\/\/sac-suhl.de\/index.php?rest_route=\/wp\/v2\/posts\/1092","targetHints":{"allow":["GET"]}}],"collection":[{"href":"http:\/\/sac-suhl.de\/index.php?rest_route=\/wp\/v2\/posts"}],"about":[{"href":"http:\/\/sac-suhl.de\/index.php?rest_route=\/wp\/v2\/types\/post"}],"author":[{"embeddable":true,"href":"http:\/\/sac-suhl.de\/index.php?rest_route=\/wp\/v2\/users\/1"}],"replies":[{"embeddable":true,"href":"http:\/\/sac-suhl.de\/index.php?rest_route=%2Fwp%2Fv2%2Fcomments&post=1092"}],"version-history":[{"count":1,"href":"http:\/\/sac-suhl.de\/index.php?rest_route=\/wp\/v2\/posts\/1092\/revisions"}],"predecessor-version":[{"id":1099,"href":"http:\/\/sac-suhl.de\/index.php?rest_route=\/wp\/v2\/posts\/1092\/revisions\/1099"}],"wp:attachment":[{"href":"http:\/\/sac-suhl.de\/index.php?rest_route=%2Fwp%2Fv2%2Fmedia&parent=1092"}],"wp:term":[{"taxonomy":"category","embeddable":true,"href":"http:\/\/sac-suhl.de\/index.php?rest_route=%2Fwp%2Fv2%2Fcategories&post=1092"},{"taxonomy":"post_tag","embeddable":true,"href":"http:\/\/sac-suhl.de\/index.php?rest_route=%2Fwp%2Fv2%2Ftags&post=1092"}],"curies":[{"name":"wp","href":"https:\/\/api.w.org\/{rel}","templated":true}]}}