{"id":1032,"date":"2023-07-03T17:47:21","date_gmt":"2023-07-03T15:47:21","guid":{"rendered":"http:\/\/sac-suhl.de\/?p=1032"},"modified":"2023-07-03T17:47:30","modified_gmt":"2023-07-03T15:47:30","slug":"thueringenpokal-2023","status":"publish","type":"post","link":"http:\/\/sac-suhl.de\/?p=1032","title":{"rendered":"Th\u00fcringenpokal 2023"},"content":{"rendered":"<p>Am Samstag, den 01.07.2023 richtete der SAC Suhl den diesj\u00e4hrigen Th\u00fcringenpokal aus. 7 Mannschaften aus unserem Bundesland waren zu Gast in der Reinhard-He\u00df Turnhalle. Es war ein langer und anstrengender Wettkampftag, der erfolgreich und ohne Verletzungen zu Ende ging. Suhl ging mit 6 Formationen an den Start. Alle M\u00e4dels waren sehr aufgeregt, da es doch seit langem wieder ein Wettkampf in der Heimatstadt war und sogar der erste Auftritt \u00fcberhaupt in neuen oder ge\u00e4nderten Formationen. Als erste auf die Matte mussten unsere j\u00fcngsten Sportlerinnen. Hanna und Chiara zeigten neue Elemente und wurden mit Platz 5 belohnt. Ebenfalls in KFL 1 turnten zum ersten Mal Ruby und Loni. Sie zeigten eine saubere \u00dcbung und landeten auf Platz 4. Im KFL 2 starteten Alina und Lisa. Nach einer guten \u00dcbung wurden sie mit Platz 2 belohnt. Das erste Mal als Damenpaar in WKK 1.1 gingen Zo\u00e9 und Charlotte an den Start. Mit kleinen Wacklern erreichten sie Platz 7. In der Leistungsklasse Sch\u00fcler starteten 2 unserer Damenpaare. Im leistungsstarken Starterfeld konnten sich Lia und Lys\u00e9 mit einer abwechslungsreichen \u00dcbung den 3. Platz sichern. Johanna und Stella erreichten mit einer soliden Darbietung Platz 8. Wir gratulieren allen Sportlern zu ihren Erfolgen und bedanken uns bei allen Helfern f\u00fcr die tolle Unterst\u00fctzung.<\/p>\n<div id='gallery-1' class='gallery galleryid-1032 gallery-columns-3 gallery-size-thumbnail'><figure class='gallery-item'>\n\t\t\t<div class='gallery-icon landscape'>\n\t\t\t\t<a href='http:\/\/sac-suhl.de\/?attachment_id=1033'><img loading=\"lazy\" decoding=\"async\" width=\"150\" height=\"150\" src=\"http:\/\/sac-suhl.de\/wp-content\/uploads\/2023\/07\/7A0425D5-2C71-4B6A-8675-61D2F1F11634-150x150.jpg\" class=\"attachment-thumbnail size-thumbnail\" alt=\"\" srcset=\"http:\/\/sac-suhl.de\/wp-content\/uploads\/2023\/07\/7A0425D5-2C71-4B6A-8675-61D2F1F11634-150x150.jpg 150w, http:\/\/sac-suhl.de\/wp-content\/uploads\/2023\/07\/7A0425D5-2C71-4B6A-8675-61D2F1F11634-300x300.jpg 300w, http:\/\/sac-suhl.de\/wp-content\/uploads\/2023\/07\/7A0425D5-2C71-4B6A-8675-61D2F1F11634-1024x1024.jpg 1024w, http:\/\/sac-suhl.de\/wp-content\/uploads\/2023\/07\/7A0425D5-2C71-4B6A-8675-61D2F1F11634-768x768.jpg 768w, http:\/\/sac-suhl.de\/wp-content\/uploads\/2023\/07\/7A0425D5-2C71-4B6A-8675-61D2F1F11634.jpg 1440w\" sizes=\"auto, (max-width: 150px) 100vw, 150px\" \/><\/a>\n\t\t\t<\/div><\/figure><figure class='gallery-item'>\n\t\t\t<div class='gallery-icon landscape'>\n\t\t\t\t<a href='http:\/\/sac-suhl.de\/?attachment_id=1034'><img loading=\"lazy\" decoding=\"async\" width=\"150\" height=\"150\" src=\"http:\/\/sac-suhl.de\/wp-content\/uploads\/2023\/07\/9C80FA4E-DCAD-4C41-BFA0-1658988F6448-150x150.jpg\" class=\"attachment-thumbnail size-thumbnail\" alt=\"\" srcset=\"http:\/\/sac-suhl.de\/wp-content\/uploads\/2023\/07\/9C80FA4E-DCAD-4C41-BFA0-1658988F6448-150x150.jpg 150w, http:\/\/sac-suhl.de\/wp-content\/uploads\/2023\/07\/9C80FA4E-DCAD-4C41-BFA0-1658988F6448-300x300.jpg 300w, http:\/\/sac-suhl.de\/wp-content\/uploads\/2023\/07\/9C80FA4E-DCAD-4C41-BFA0-1658988F6448-1024x1024.jpg 1024w, http:\/\/sac-suhl.de\/wp-content\/uploads\/2023\/07\/9C80FA4E-DCAD-4C41-BFA0-1658988F6448-768x768.jpg 768w, http:\/\/sac-suhl.de\/wp-content\/uploads\/2023\/07\/9C80FA4E-DCAD-4C41-BFA0-1658988F6448.jpg 1440w\" sizes=\"auto, (max-width: 150px) 100vw, 150px\" \/><\/a>\n\t\t\t<\/div><\/figure><figure class='gallery-item'>\n\t\t\t<div class='gallery-icon landscape'>\n\t\t\t\t<a href='http:\/\/sac-suhl.de\/?attachment_id=1035'><img loading=\"lazy\" decoding=\"async\" width=\"150\" height=\"150\" src=\"http:\/\/sac-suhl.de\/wp-content\/uploads\/2023\/07\/DB8448AE-0E19-4955-9F41-A2C11F3523E3-150x150.jpg\" class=\"attachment-thumbnail size-thumbnail\" alt=\"\" srcset=\"http:\/\/sac-suhl.de\/wp-content\/uploads\/2023\/07\/DB8448AE-0E19-4955-9F41-A2C11F3523E3-150x150.jpg 150w, http:\/\/sac-suhl.de\/wp-content\/uploads\/2023\/07\/DB8448AE-0E19-4955-9F41-A2C11F3523E3-300x300.jpg 300w, http:\/\/sac-suhl.de\/wp-content\/uploads\/2023\/07\/DB8448AE-0E19-4955-9F41-A2C11F3523E3-1024x1024.jpg 1024w, http:\/\/sac-suhl.de\/wp-content\/uploads\/2023\/07\/DB8448AE-0E19-4955-9F41-A2C11F3523E3-768x768.jpg 768w, http:\/\/sac-suhl.de\/wp-content\/uploads\/2023\/07\/DB8448AE-0E19-4955-9F41-A2C11F3523E3.jpg 1440w\" sizes=\"auto, (max-width: 150px) 100vw, 150px\" \/><\/a>\n\t\t\t<\/div><\/figure><figure class='gallery-item'>\n\t\t\t<div class='gallery-icon landscape'>\n\t\t\t\t<a href='http:\/\/sac-suhl.de\/?attachment_id=1036'><img loading=\"lazy\" decoding=\"async\" width=\"150\" height=\"150\" src=\"http:\/\/sac-suhl.de\/wp-content\/uploads\/2023\/07\/7A978431-7BCF-4F84-8BF3-7E53FF3CD475-150x150.jpg\" class=\"attachment-thumbnail size-thumbnail\" alt=\"\" srcset=\"http:\/\/sac-suhl.de\/wp-content\/uploads\/2023\/07\/7A978431-7BCF-4F84-8BF3-7E53FF3CD475-150x150.jpg 150w, http:\/\/sac-suhl.de\/wp-content\/uploads\/2023\/07\/7A978431-7BCF-4F84-8BF3-7E53FF3CD475-300x300.jpg 300w, http:\/\/sac-suhl.de\/wp-content\/uploads\/2023\/07\/7A978431-7BCF-4F84-8BF3-7E53FF3CD475-1024x1024.jpg 1024w, http:\/\/sac-suhl.de\/wp-content\/uploads\/2023\/07\/7A978431-7BCF-4F84-8BF3-7E53FF3CD475-768x768.jpg 768w, http:\/\/sac-suhl.de\/wp-content\/uploads\/2023\/07\/7A978431-7BCF-4F84-8BF3-7E53FF3CD475.jpg 1440w\" sizes=\"auto, (max-width: 150px) 100vw, 150px\" \/><\/a>\n\t\t\t<\/div><\/figure><figure class='gallery-item'>\n\t\t\t<div class='gallery-icon landscape'>\n\t\t\t\t<a href='http:\/\/sac-suhl.de\/?attachment_id=1037'><img loading=\"lazy\" decoding=\"async\" width=\"150\" height=\"150\" src=\"http:\/\/sac-suhl.de\/wp-content\/uploads\/2023\/07\/59B6B884-F6B6-4483-A2C9-C89E021069A3-150x150.jpg\" class=\"attachment-thumbnail size-thumbnail\" alt=\"\" srcset=\"http:\/\/sac-suhl.de\/wp-content\/uploads\/2023\/07\/59B6B884-F6B6-4483-A2C9-C89E021069A3-150x150.jpg 150w, http:\/\/sac-suhl.de\/wp-content\/uploads\/2023\/07\/59B6B884-F6B6-4483-A2C9-C89E021069A3-300x300.jpg 300w, http:\/\/sac-suhl.de\/wp-content\/uploads\/2023\/07\/59B6B884-F6B6-4483-A2C9-C89E021069A3-1024x1024.jpg 1024w, http:\/\/sac-suhl.de\/wp-content\/uploads\/2023\/07\/59B6B884-F6B6-4483-A2C9-C89E021069A3-768x768.jpg 768w, http:\/\/sac-suhl.de\/wp-content\/uploads\/2023\/07\/59B6B884-F6B6-4483-A2C9-C89E021069A3.jpg 1440w\" sizes=\"auto, (max-width: 150px) 100vw, 150px\" \/><\/a>\n\t\t\t<\/div><\/figure><figure class='gallery-item'>\n\t\t\t<div class='gallery-icon landscape'>\n\t\t\t\t<a href='http:\/\/sac-suhl.de\/?attachment_id=1038'><img loading=\"lazy\" decoding=\"async\" width=\"150\" height=\"150\" src=\"http:\/\/sac-suhl.de\/wp-content\/uploads\/2023\/07\/A3D08860-A104-46CC-9180-F734EDC6CEDD-150x150.jpg\" class=\"attachment-thumbnail size-thumbnail\" alt=\"\" srcset=\"http:\/\/sac-suhl.de\/wp-content\/uploads\/2023\/07\/A3D08860-A104-46CC-9180-F734EDC6CEDD-150x150.jpg 150w, http:\/\/sac-suhl.de\/wp-content\/uploads\/2023\/07\/A3D08860-A104-46CC-9180-F734EDC6CEDD-300x300.jpg 300w, http:\/\/sac-suhl.de\/wp-content\/uploads\/2023\/07\/A3D08860-A104-46CC-9180-F734EDC6CEDD-1024x1024.jpg 1024w, http:\/\/sac-suhl.de\/wp-content\/uploads\/2023\/07\/A3D08860-A104-46CC-9180-F734EDC6CEDD-768x768.jpg 768w, http:\/\/sac-suhl.de\/wp-content\/uploads\/2023\/07\/A3D08860-A104-46CC-9180-F734EDC6CEDD.jpg 1440w\" sizes=\"auto, (max-width: 150px) 100vw, 150px\" \/><\/a>\n\t\t\t<\/div><\/figure>\n\t\t<\/div>\n\n<p>&nbsp;<\/p>\n","protected":false},"excerpt":{"rendered":"<p>Am Samstag, den 01.07.2023 richtete der SAC Suhl den diesj\u00e4hrigen Th\u00fcringenpokal aus. 7 Mannschaften aus unserem Bundesland waren zu Gast in der Reinhard-He\u00df Turnhalle. Es war ein langer und anstrengender Wettkampftag, der erfolgreich und ohne Verletzungen zu Ende ging. Suhl ging mit 6 Formationen an den Start. Alle M\u00e4dels waren sehr aufgeregt, da es doch &hellip; <a href=\"http:\/\/sac-suhl.de\/?p=1032\" class=\"more-link\"><span class=\"screen-reader-text\">Th\u00fcringenpokal 2023<\/span> weiterlesen <span class=\"meta-nav\">&rarr;<\/span><\/a><\/p>\n","protected":false},"author":1,"featured_media":0,"comment_status":"closed","ping_status":"closed","sticky":false,"template":"","format":"standard","meta":{"footnotes":""},"categories":[1],"tags":[],"class_list":["post-1032","post","type-post","status-publish","format-standard","hentry","category-allgemein"],"_links":{"self":[{"href":"http:\/\/sac-suhl.de\/index.php?rest_route=\/wp\/v2\/posts\/1032","targetHints":{"allow":["GET"]}}],"collection":[{"href":"http:\/\/sac-suhl.de\/index.php?rest_route=\/wp\/v2\/posts"}],"about":[{"href":"http:\/\/sac-suhl.de\/index.php?rest_route=\/wp\/v2\/types\/post"}],"author":[{"embeddable":true,"href":"http:\/\/sac-suhl.de\/index.php?rest_route=\/wp\/v2\/users\/1"}],"replies":[{"embeddable":true,"href":"http:\/\/sac-suhl.de\/index.php?rest_route=%2Fwp%2Fv2%2Fcomments&post=1032"}],"version-history":[{"count":1,"href":"http:\/\/sac-suhl.de\/index.php?rest_route=\/wp\/v2\/posts\/1032\/revisions"}],"predecessor-version":[{"id":1039,"href":"http:\/\/sac-suhl.de\/index.php?rest_route=\/wp\/v2\/posts\/1032\/revisions\/1039"}],"wp:attachment":[{"href":"http:\/\/sac-suhl.de\/index.php?rest_route=%2Fwp%2Fv2%2Fmedia&parent=1032"}],"wp:term":[{"taxonomy":"category","embeddable":true,"href":"http:\/\/sac-suhl.de\/index.php?rest_route=%2Fwp%2Fv2%2Fcategories&post=1032"},{"taxonomy":"post_tag","embeddable":true,"href":"http:\/\/sac-suhl.de\/index.php?rest_route=%2Fwp%2Fv2%2Ftags&post=1032"}],"curies":[{"name":"wp","href":"https:\/\/api.w.org\/{rel}","templated":true}]}}